{"id":4194,"date":"2024-11-20T13:12:59","date_gmt":"2024-11-20T11:12:59","guid":{"rendered":"https:\/\/associationbeyond.eu\/?p=4194"},"modified":"2024-11-20T13:22:22","modified_gmt":"2024-11-20T11:22:22","slug":"speakup","status":"publish","type":"post","link":"https:\/\/associationbeyond.eu\/en\/speakup\/","title":{"rendered":"SpeakUP!"},"content":{"rendered":"<p>\u00cen perioada 11-17 septembrie echipa noastr\u0103 a participat la TC <strong>&#8222;SPEAK UP!&#8221;<\/strong>, desf\u0103\u0219urat \u00een Carei. Proiectul a adus \u00eempreun\u0103 participan\u021bi din Ungaria, Portugalia, Spania, Iordania, Turcia, Bulgaria \u0219i Rom\u00e2nia.<\/p>\n<p><span class=\"html-span xexx8yu x4uap5 x18d9i69 xkhd6sd x1hl2dhg x16tdsg8 x1vvkbs x3nfvp2 x1j61x8r x1fcty0u xdj266r xat24cr xgzva0m xhhsvwb xxymvpz xlup9mm x1kky2od\"><img loading=\"lazy\" decoding=\"async\" class=\"xz74otr\" src=\"https:\/\/static.xx.fbcdn.net\/images\/emoji.php\/v9\/tb0\/1\/16\/1f3af.png\" alt=\"\ud83c\udfaf\" width=\"16\" height=\"16\" \/> <\/span>Obiectivul principal al proiectului a fost de a ne \u00eenvinge teama de vorbit \u00een public (public speaking).<\/p>\n<p><span class=\"html-span xexx8yu x4uap5 x18d9i69 xkhd6sd x1hl2dhg x16tdsg8 x1vvkbs x3nfvp2 x1j61x8r x1fcty0u xdj266r xat24cr xgzva0m xhhsvwb xxymvpz xlup9mm x1kky2od\"><img loading=\"lazy\" decoding=\"async\" class=\"xz74otr\" src=\"https:\/\/static.xx.fbcdn.net\/images\/emoji.php\/v9\/tb0\/1\/16\/1f3af.png\" alt=\"\ud83c\udfaf\" width=\"16\" height=\"16\" \/> <\/span>Alte obiective ale proiectului au fost:<\/p>\n<ul>\n<li>acumularea de cuno\u0219tin\u021be despre rezilien\u021b\u0103 \u0219i anxietate;<\/li>\n<li>realizarea de materiale educa\u021bionale;<\/li>\n<li>dezvoltarea abilit\u0103\u021bilor de comunicare;<\/li>\n<li>cre\u0219terea colabor\u0103rii la nivel na\u021bional;<\/li>\n<\/ul>\n<p>Am \u00eenv\u0103\u021bat cum s\u0103 recunoa\u0219tem \u0219i s\u0103 gestion\u0103m emo\u021biile, transform\u00e2nd anxietatea \u00eentr-o resurs\u0103 care ne ajut\u0103 s\u0103 evolu\u0103m \u0219i s\u0103 ne cre\u0219tem nivelul de rezilien\u021b\u0103. \ud83c\udf31\ud83d\udca1<\/p>\n<p>Organiza\u021biile partenere au fost:<br \/>\nAsocia\u021bia Beyond<br \/>\nASSOCIACAO CHECK-IN &#8211; COOPERACAO E DESENVOLVIMENTO<br \/>\nActive Euro Youth<br \/>\nAsociaci\u00f3n K&#8217;MON<br \/>\nDesert Bloom for Training and Sustainable Development<br \/>\nI am you peace global<br \/>\nLUMiA ETS<br \/>\nthe bettermaking Ifj\u00fas\u00e1gi Alap\u00edtv\u00e1ny<\/p>\n<p>Acest proiect este co-fina\u021bat de Uniunea European\u0103 \ud83c\uddea\ud83c\uddfa \u0219i organizat de Asocia\u021bia Beyond.<\/p>\n<p>#erasmusplus\u00a0#carei\u00a0#useyourvoice\u00a0#cofoundedbyeu\u00a0#speakup\u00a0#resilience\u00a0#publicspeaking<\/p>\n<p><img loading=\"lazy\" decoding=\"async\" class=\"alignnone size-medium wp-image-4196\" src=\"https:\/\/associationbeyond.eu\/wp-content\/uploads\/2024\/11\/IMG-20241120-WA0257-1-300x225.jpg\" alt=\"\" width=\"300\" height=\"225\" \/> <img loading=\"lazy\" decoding=\"async\" class=\"alignnone size-medium wp-image-4198\" src=\"https:\/\/associationbeyond.eu\/wp-content\/uploads\/2024\/11\/7f884c08364a625abb0f_1683957674-300x240.webp\" alt=\"\" width=\"300\" height=\"240\" \/> <img loading=\"lazy\" decoding=\"async\" class=\"alignnone size-medium wp-image-4199\" src=\"https:\/\/associationbeyond.eu\/wp-content\/uploads\/2024\/11\/all-300x225.jpg\" alt=\"\" width=\"300\" height=\"225\" \/> <img loading=\"lazy\" decoding=\"async\" class=\"alignnone size-medium wp-image-4201\" src=\"https:\/\/associationbeyond.eu\/wp-content\/uploads\/2024\/11\/IMG-20241120-WA0258-225x300.jpg\" alt=\"\" width=\"225\" height=\"300\" \/> <img loading=\"lazy\" decoding=\"async\" class=\"alignnone size-medium wp-image-4202\" src=\"https:\/\/associationbeyond.eu\/wp-content\/uploads\/2024\/11\/IMG-20241120-WA0255-300x225.jpg\" alt=\"\" width=\"300\" height=\"225\" \/> <img loading=\"lazy\" decoding=\"async\" class=\"alignnone size-medium wp-image-4203\" src=\"https:\/\/associationbeyond.eu\/wp-content\/uploads\/2024\/11\/IMG-20241120-WA0256-300x200.jpg\" alt=\"\" width=\"300\" height=\"200\" \/><\/p>","protected":false},"excerpt":{"rendered":"<p>\u00cen perioada 11-17 septembrie echipa noastr\u0103 a participat la TC &#8222;SPEAK UP!&#8221;, desf\u0103\u0219urat \u00een Carei. Proiectul a adus \u00eempreun\u0103 participan\u021bi din Ungaria, Portugalia, Spania, Iordania, Turcia, Bulgaria \u0219i Rom\u00e2nia. Obiectivul principal al proiectului a fost de a ne \u00eenvinge teama de vorbit \u00een public (public speaking). Alte obiective ale proiectului au fost: acumularea de cuno\u0219tin\u021be [&hellip;]<\/p>","protected":false},"author":1,"featured_media":4199,"comment_status":"closed","ping_status":"open","sticky":false,"template":"","format":"standard","meta":{"_et_pb_use_builder":"","_et_pb_old_content":"","_et_gb_content_width":"","footnotes":"","_jetpack_memberships_contains_paid_content":false},"categories":[208],"tags":[],"jetpack_sharing_enabled":true,"jetpack_featured_media_url":"https:\/\/associationbeyond.eu\/wp-content\/uploads\/2024\/11\/all.jpg","_links":{"self":[{"href":"https:\/\/associationbeyond.eu\/en\/wp-json\/wp\/v2\/posts\/4194"}],"collection":[{"href":"https:\/\/associationbeyond.eu\/en\/wp-json\/wp\/v2\/posts"}],"about":[{"href":"https:\/\/associationbeyond.eu\/en\/wp-json\/wp\/v2\/types\/post"}],"author":[{"embeddable":true,"href":"https:\/\/associationbeyond.eu\/en\/wp-json\/wp\/v2\/users\/1"}],"replies":[{"embeddable":true,"href":"https:\/\/associationbeyond.eu\/en\/wp-json\/wp\/v2\/comments?post=4194"}],"version-history":[{"count":2,"href":"https:\/\/associationbeyond.eu\/en\/wp-json\/wp\/v2\/posts\/4194\/revisions"}],"predecessor-version":[{"id":4210,"href":"https:\/\/associationbeyond.eu\/en\/wp-json\/wp\/v2\/posts\/4194\/revisions\/4210"}],"wp:featuredmedia":[{"embeddable":true,"href":"https:\/\/associationbeyond.eu\/en\/wp-json\/wp\/v2\/media\/4199"}],"wp:attachment":[{"href":"https:\/\/associationbeyond.eu\/en\/wp-json\/wp\/v2\/media?parent=4194"}],"wp:term":[{"taxonomy":"category","embeddable":true,"href":"https:\/\/associationbeyond.eu\/en\/wp-json\/wp\/v2\/categories?post=4194"},{"taxonomy":"post_tag","embeddable":true,"href":"https:\/\/associationbeyond.eu\/en\/wp-json\/wp\/v2\/tags?post=4194"}],"curies":[{"name":"wp","href":"https:\/\/api.w.org\/{rel}","templated":true}]}}