{"id":4081,"date":"2024-05-03T17:34:24","date_gmt":"2024-05-03T14:34:24","guid":{"rendered":"https:\/\/associationbeyond.eu\/?p=4081"},"modified":"2024-05-29T22:51:52","modified_gmt":"2024-05-29T19:51:52","slug":"engendering-solidarity","status":"publish","type":"post","link":"https:\/\/associationbeyond.eu\/en\/engendering-solidarity\/","title":{"rendered":"ENGENDERING SOLIDARITY"},"content":{"rendered":"<p>&#8222;Engendering Solidarity: a Transnational Youth Dialogue&#8221; &#8211; ESTYD a fost o c\u0103l\u0103torie pasionant\u0103 \u0219i \u00eemplinitoare av\u00e2nd ca scop \u00eemputernicirea tinerilor. Am reu\u0219it s\u0103 \u00een\u021belegem mai bine nevoile tinerilor implica\u021bi \u00een proiecte de solidaritate dar \u0219i ale celor din comunit\u0103\u021bilor \u00een care activ\u0103m, am creat spa\u021bii de identificare de nevoi. Tinerii au avut oportunitatea s\u0103 \u00eemp\u0103rt\u0103\u0219seasc\u0103 propriile experien\u021be, opinii sau idei \u0219i \u00eempreun\u0103 au conturat idei de proiecte utile \u00een comunit\u0103\u021bile lor.<\/p>\n<p>Printre rezultatele proiectului se num\u0103r\u0103 \u0219i formarea unui grup informal de tineri entuzia\u0219ti \u0219i proactivi din diferite medii sociale care au decis s\u0103 pun\u0103 laolalt\u0103 voin\u021b\u0103 \u0219i motiva\u021bie puternic\u0103, pasiune, responsabilitate \u0219i experien\u021b\u0103 pentru a contribui la crearea unor comunit\u0103\u021bi mai coezive \u0219i mai sigure, astfel a luat form\u0103 &#8222;EXTENSIVE GENERATION (EGEN)&#8221;.<\/p>\n<p>Misiunea grupului informal vizeaz\u0103 promovarea incluziunii \u0219i implicarea activ\u0103 a tinerilor pentru a sus\u021bine dezvoltarea personal\u0103, cet\u0103\u021benia activ\u0103, voluntariatul \u0219i antreprenoriatul social. Grupul urm\u0103re\u0219te s\u0103 dezvolte abilit\u0103\u021bile tinerilor din diferite medii sociale \u0219i etnice dar \u0219i cele ale persoanelor cu dizabilit\u0103\u021bi, \u00eencuraj\u00e2nd participarea activ\u0103 a celor cu mai pu\u021bine oportunit\u0103\u021bi \u00een comunit\u0103\u021bile locale. Viziunea grupului este de a construi comunit\u0103\u021bi mai sigure \u0219i mai coezive, prin programe de mobilitate, proiecte de solidaritate, sus\u021binerea ini\u021biativelor locale \u0219i interna\u021bionale. Totodat\u0103, grupul \u00ee\u0219i propune s\u0103 sprijine interesele \u0219i pasiunile tinerilor \u0219i \u00eencurajeaz\u0103 participarea lor \u00een diverse sfere ale vie\u021bii publice, subliniind beneficiile programelor Erasmus+ \u0219i CES.<\/p>\n<p>A\u0219adar, Adi, Iulia, Cristina, Alexandra, Razvan, \u0219i C\u0103t\u0103lin, prin implicarea lor \u00een proiectul ESTYD, au devenit membri ai grupului informal &#8222;EXTENSIVE GENERATION&#8221; (https:\/\/www.instagram.com\/egenyouth\/) \u0219i acum, la r\u00e2ndul lor \u00ee\u0219i doresc s\u0103 \u00eencurajeze \u0219i al\u021bi tineri prin diverse ini\u021biative s\u0103 devin\u0103 la r\u00e2ndul lor factori activi ai schimb\u0103rii \u00een comunit\u0103\u021bile lor locale, astfel contribuind la comunit\u0103\u021bi mai sigure \u0219i mai coezive.<\/p>","protected":false},"excerpt":{"rendered":"<p>&#8222;Engendering Solidarity: a Transnational Youth Dialogue&#8221; &#8211; ESTYD a fost o c\u0103l\u0103torie pasionant\u0103 \u0219i \u00eemplinitoare av\u00e2nd ca scop \u00eemputernicirea tinerilor. Am reu\u0219it s\u0103 \u00een\u021belegem mai bine nevoile tinerilor implica\u021bi \u00een proiecte de solidaritate dar \u0219i ale celor din comunit\u0103\u021bilor \u00een care activ\u0103m, am creat spa\u021bii de identificare de nevoi. Tinerii au avut oportunitatea s\u0103 \u00eemp\u0103rt\u0103\u0219seasc\u0103 [&hellip;]<\/p>","protected":false},"author":1,"featured_media":4021,"comment_status":"closed","ping_status":"open","sticky":false,"template":"","format":"standard","meta":{"_et_pb_use_builder":"","_et_pb_old_content":"","_et_gb_content_width":"","footnotes":"","_jetpack_memberships_contains_paid_content":false},"categories":[210,209],"tags":[],"jetpack_sharing_enabled":true,"jetpack_featured_media_url":"https:\/\/associationbeyond.eu\/wp-content\/uploads\/2024\/03\/estyd.jpg","_links":{"self":[{"href":"https:\/\/associationbeyond.eu\/en\/wp-json\/wp\/v2\/posts\/4081"}],"collection":[{"href":"https:\/\/associationbeyond.eu\/en\/wp-json\/wp\/v2\/posts"}],"about":[{"href":"https:\/\/associationbeyond.eu\/en\/wp-json\/wp\/v2\/types\/post"}],"author":[{"embeddable":true,"href":"https:\/\/associationbeyond.eu\/en\/wp-json\/wp\/v2\/users\/1"}],"replies":[{"embeddable":true,"href":"https:\/\/associationbeyond.eu\/en\/wp-json\/wp\/v2\/comments?post=4081"}],"version-history":[{"count":2,"href":"https:\/\/associationbeyond.eu\/en\/wp-json\/wp\/v2\/posts\/4081\/revisions"}],"predecessor-version":[{"id":4083,"href":"https:\/\/associationbeyond.eu\/en\/wp-json\/wp\/v2\/posts\/4081\/revisions\/4083"}],"wp:featuredmedia":[{"embeddable":true,"href":"https:\/\/associationbeyond.eu\/en\/wp-json\/wp\/v2\/media\/4021"}],"wp:attachment":[{"href":"https:\/\/associationbeyond.eu\/en\/wp-json\/wp\/v2\/media?parent=4081"}],"wp:term":[{"taxonomy":"category","embeddable":true,"href":"https:\/\/associationbeyond.eu\/en\/wp-json\/wp\/v2\/categories?post=4081"},{"taxonomy":"post_tag","embeddable":true,"href":"https:\/\/associationbeyond.eu\/en\/wp-json\/wp\/v2\/tags?post=4081"}],"curies":[{"name":"wp","href":"https:\/\/api.w.org\/{rel}","templated":true}]}}